{"id":4728,"date":"2024-01-30T17:54:13","date_gmt":"2024-01-30T17:54:13","guid":{"rendered":"https:\/\/colegiopedrojrubio.es\/periodico\/?p=4728"},"modified":"2024-02-20T16:30:13","modified_gmt":"2024-02-20T16:30:13","slug":"celebrando-el-dia-de-la-paz","status":"publish","type":"post","link":"http:\/\/colegiopedrojrubio.es\/periodico\/2024\/01\/30\/celebrando-el-dia-de-la-paz\/","title":{"rendered":"CELEBRANDO EL D\u00cdA DE LA PAZ"},"content":{"rendered":"\n<p>Hoy, 30 de enero, celebramos el D\u00eda escolar de la no violencia y la Paz. Este d\u00eda se eligi\u00f3 por ser la fecha en la que muri\u00f3 en 1949 Mahatma Gandhi, l\u00edder espiritual de la India y considerado como la principal figura del pacifismo en el mundo.<\/p>\n\n\n\n<p>Tres alumnos de cada clase de 5\u00ba han le\u00eddo el manifiesto de la Paz. Al mismo tiempo, se ha celebrado el D\u00eda Internacional contra el c\u00e1ncer infantil.<\/p>\n\n\n\n<figure class=\"wp-block-image size-large\"><img loading=\"lazy\" decoding=\"async\" width=\"1024\" height=\"771\" src=\"https:\/\/colegiopedrojrubio.es\/periodico\/wp-content\/uploads\/2024\/01\/IMG-20240130-WA0018-1024x771.jpg\" alt=\"\" class=\"wp-image-4732\" srcset=\"http:\/\/colegiopedrojrubio.es\/periodico\/wp-content\/uploads\/2024\/01\/IMG-20240130-WA0018-1024x771.jpg 1024w, http:\/\/colegiopedrojrubio.es\/periodico\/wp-content\/uploads\/2024\/01\/IMG-20240130-WA0018-300x226.jpg 300w, http:\/\/colegiopedrojrubio.es\/periodico\/wp-content\/uploads\/2024\/01\/IMG-20240130-WA0018-768x578.jpg 768w, http:\/\/colegiopedrojrubio.es\/periodico\/wp-content\/uploads\/2024\/01\/IMG-20240130-WA0018-1536x1156.jpg 1536w, http:\/\/colegiopedrojrubio.es\/periodico\/wp-content\/uploads\/2024\/01\/IMG-20240130-WA0018.jpg 1600w\" sizes=\"auto, (max-width: 1024px) 100vw, 1024px\" \/><\/figure>\n\n\n\n<figure class=\"wp-block-image size-large\"><img loading=\"lazy\" decoding=\"async\" width=\"1024\" height=\"771\" src=\"https:\/\/colegiopedrojrubio.es\/periodico\/wp-content\/uploads\/2024\/01\/IMG-20240130-WA0019-1024x771.jpg\" alt=\"\" class=\"wp-image-4733\" srcset=\"http:\/\/colegiopedrojrubio.es\/periodico\/wp-content\/uploads\/2024\/01\/IMG-20240130-WA0019-1024x771.jpg 1024w, http:\/\/colegiopedrojrubio.es\/periodico\/wp-content\/uploads\/2024\/01\/IMG-20240130-WA0019-300x226.jpg 300w, http:\/\/colegiopedrojrubio.es\/periodico\/wp-content\/uploads\/2024\/01\/IMG-20240130-WA0019-768x578.jpg 768w, http:\/\/colegiopedrojrubio.es\/periodico\/wp-content\/uploads\/2024\/01\/IMG-20240130-WA0019-1536x1156.jpg 1536w, http:\/\/colegiopedrojrubio.es\/periodico\/wp-content\/uploads\/2024\/01\/IMG-20240130-WA0019.jpg 1600w\" sizes=\"auto, (max-width: 1024px) 100vw, 1024px\" \/><\/figure>\n\n\n\n<figure class=\"wp-block-gallery columns-1 is-cropped wp-block-gallery-1 is-layout-flex wp-block-gallery-is-layout-flex\"><ul class=\"blocks-gallery-grid\"><li class=\"blocks-gallery-item\"><figure><img loading=\"lazy\" decoding=\"async\" width=\"1024\" height=\"771\" src=\"https:\/\/colegiopedrojrubio.es\/periodico\/wp-content\/uploads\/2024\/01\/IMG-20240130-WA0020-1024x771.jpg\" alt=\"\" data-id=\"4734\" data-full-url=\"https:\/\/colegiopedrojrubio.es\/periodico\/wp-content\/uploads\/2024\/01\/IMG-20240130-WA0020.jpg\" data-link=\"https:\/\/colegiopedrojrubio.es\/periodico\/?attachment_id=4734\" class=\"wp-image-4734\" srcset=\"http:\/\/colegiopedrojrubio.es\/periodico\/wp-content\/uploads\/2024\/01\/IMG-20240130-WA0020-1024x771.jpg 1024w, http:\/\/colegiopedrojrubio.es\/periodico\/wp-content\/uploads\/2024\/01\/IMG-20240130-WA0020-300x226.jpg 300w, http:\/\/colegiopedrojrubio.es\/periodico\/wp-content\/uploads\/2024\/01\/IMG-20240130-WA0020-768x578.jpg 768w, http:\/\/colegiopedrojrubio.es\/periodico\/wp-content\/uploads\/2024\/01\/IMG-20240130-WA0020-1536x1156.jpg 1536w, http:\/\/colegiopedrojrubio.es\/periodico\/wp-content\/uploads\/2024\/01\/IMG-20240130-WA0020.jpg 1600w\" sizes=\"auto, (max-width: 1024px) 100vw, 1024px\" \/><\/figure><\/li><\/ul><\/figure>\n\n\n\n<figure class=\"wp-block-image size-large\"><img loading=\"lazy\" decoding=\"async\" width=\"1024\" height=\"771\" src=\"https:\/\/colegiopedrojrubio.es\/periodico\/wp-content\/uploads\/2024\/01\/IMG-20240130-WA0021-1024x771.jpg\" alt=\"\" class=\"wp-image-4735\" srcset=\"http:\/\/colegiopedrojrubio.es\/periodico\/wp-content\/uploads\/2024\/01\/IMG-20240130-WA0021-1024x771.jpg 1024w, http:\/\/colegiopedrojrubio.es\/periodico\/wp-content\/uploads\/2024\/01\/IMG-20240130-WA0021-300x226.jpg 300w, http:\/\/colegiopedrojrubio.es\/periodico\/wp-content\/uploads\/2024\/01\/IMG-20240130-WA0021-768x578.jpg 768w, http:\/\/colegiopedrojrubio.es\/periodico\/wp-content\/uploads\/2024\/01\/IMG-20240130-WA0021-1536x1156.jpg 1536w, http:\/\/colegiopedrojrubio.es\/periodico\/wp-content\/uploads\/2024\/01\/IMG-20240130-WA0021.jpg 1600w\" sizes=\"auto, (max-width: 1024px) 100vw, 1024px\" \/><\/figure>\n","protected":false},"excerpt":{"rendered":"<p>Hoy, 30 de enero, celebramos el D\u00eda escolar de la no violencia y la Paz. Este d\u00eda se eligi\u00f3 por ser la fecha en la que muri\u00f3 en 1949 Mahatma Gandhi, l\u00edder espiritual de la India y considerado como la principal figura del pacifismo en el mundo. Tres alumnos de cada clase de 5\u00ba han [&hellip;]<\/p>\n","protected":false},"author":31,"featured_media":4731,"comment_status":"open","ping_status":"open","sticky":false,"template":"","format":"standard","meta":{"footnotes":""},"categories":[5],"tags":[32],"class_list":["post-4728","post","type-post","status-publish","format-standard","has-post-thumbnail","hentry","category-5o-y-6o-e-p","tag-5ob2023-2024"],"nelio_content":{"autoShareEndMode":"never","automationSources":{"useCustomSentences":false,"customSentences":[]},"efiAlt":"","efiUrl":"","followers":[],"highlights":[],"isAutoShareEnabled":true,"networkImageIds":[],"permalinkQueryArgs":[],"series":[],"suggestedReferences":[]},"_links":{"self":[{"href":"http:\/\/colegiopedrojrubio.es\/periodico\/wp-json\/wp\/v2\/posts\/4728","targetHints":{"allow":["GET"]}}],"collection":[{"href":"http:\/\/colegiopedrojrubio.es\/periodico\/wp-json\/wp\/v2\/posts"}],"about":[{"href":"http:\/\/colegiopedrojrubio.es\/periodico\/wp-json\/wp\/v2\/types\/post"}],"author":[{"embeddable":true,"href":"http:\/\/colegiopedrojrubio.es\/periodico\/wp-json\/wp\/v2\/users\/31"}],"replies":[{"embeddable":true,"href":"http:\/\/colegiopedrojrubio.es\/periodico\/wp-json\/wp\/v2\/comments?post=4728"}],"version-history":[{"count":1,"href":"http:\/\/colegiopedrojrubio.es\/periodico\/wp-json\/wp\/v2\/posts\/4728\/revisions"}],"predecessor-version":[{"id":4736,"href":"http:\/\/colegiopedrojrubio.es\/periodico\/wp-json\/wp\/v2\/posts\/4728\/revisions\/4736"}],"wp:featuredmedia":[{"embeddable":true,"href":"http:\/\/colegiopedrojrubio.es\/periodico\/wp-json\/wp\/v2\/media\/4731"}],"wp:attachment":[{"href":"http:\/\/colegiopedrojrubio.es\/periodico\/wp-json\/wp\/v2\/media?parent=4728"}],"wp:term":[{"taxonomy":"category","embeddable":true,"href":"http:\/\/colegiopedrojrubio.es\/periodico\/wp-json\/wp\/v2\/categories?post=4728"},{"taxonomy":"post_tag","embeddable":true,"href":"http:\/\/colegiopedrojrubio.es\/periodico\/wp-json\/wp\/v2\/tags?post=4728"}],"curies":[{"name":"wp","href":"https:\/\/api.w.org\/{rel}","templated":true}]}}